{"id":33,"date":"2008-03-28T00:24:05","date_gmt":"2008-03-27T23:24:05","guid":{"rendered":"http:\/\/bezerik.es\/me\/2008\/03\/28\/significado-de-los-leds-del-nslu2-de-linksys\/"},"modified":"2014-04-03T13:02:08","modified_gmt":"2014-04-03T12:02:08","slug":"significado-leds-nslu2-linksys","status":"publish","type":"post","link":"http:\/\/bezerik.es\/me\/significado-leds-nslu2-linksys\/","title":{"rendered":"Significado de los LEDS del Nslu2 de Linksys"},"content":{"rendered":"<p>Solo basta con mirar los <strong>LEDS<\/strong> de la parte forntal para reconecer en que estado se encuentra vuestro <strong>nslu2<\/strong> con <strong>DebianSlug<\/strong> instalado (con las dem\u00e1s distribuciones no tengo confirmado que sea el mismo funcionamiento, pero puede que coincida).<\/p>\n<p>Algunos de los estados de arranque (que pueden ayudar a diagnosticar <em>boot failures<\/em>), s\u00f3n:<\/p>\n<ul>\n<li>Ciclo negro\/verde de arriba a abajo: Arranque de <em>APEX<\/em><\/li>\n<li>Estado \u00e1mbar: <em>Initramfs<\/em> est\u00e1 en ejecuci\u00f3n, montaje de la ra\u00edz de ficheros del sistema.<\/li>\n<li>Disco, Ciclo lento entre \u00e1mbar y verde: la ra\u00edz de ficheros del sistema ya esta montado, arranque del sistema.<\/li>\n<li>Disco, estado verde, con ciclo de doble \u00e1mbar parpadeante r\u00e1pido: El sistema ha arrancado y esta en funcionamiento. La frecuencia de los destellos \u00e1mbar indica que el sistema tiene una carga media; El augmento de la freq\u00fcencia de los destellos denotan aumento de la carga.<\/li>\n<li>Disco, ciclo r\u00e1pido entre flashes negro\/verde y negro\/\u00e1mbar: Modo de usuario \u00fanico. Una vez m\u00e1s, el augmento de la freq\u00fcencia de los flashes denota intervalo de carga.<\/li>\n<li>Disco, ciclo lento entre \u00e1mbar y rojo: Apagado en progreso.<\/li>\n<\/ul>\n<p>Nota: Los LEDS que corresponden a <strong>Disk1<\/strong> y <strong>Disk2<\/strong> solo se encenderan si conectais disco duros directamente a los puertos <abbr title=\"Universal Serial Bus\">USB<\/abbr> asociados. \u00a1Si los conectais a traves de un <a rel=\"nofollow\" href=\"http:\/\/es.wikipedia.org\/wiki\/Hub_USB\" target=\"_blank\">HUB USB<\/a> no se encenderan!<\/p>\n<p>Fuente: <a rel=\"nofollow\" href=\"http:\/\/svn.debian.org\/wsvn\/pkg-nslu2-utils\/trunk\/debian\/README.Debian?op=file\" target=\"_blank\">Documentaci\u00f3n <strong>pkg-nslu2-utils<\/strong> de Debian<\/a><\/p>\n","protected":false},"excerpt":{"rendered":"<p>Solo basta con mirar los LEDS de la parte forntal para reconecer en que estado se encuentra vuestro nslu2 con DebianSlug instalado (con las dem\u00e1s distribuciones no tengo confirmado que sea el mismo funcionamiento, pero puede que coincida). Algunos de los estados de arranque (que pueden ayudar a diagnosticar boot failures), s\u00f3n: Ciclo negro\/verde de [&hellip;]<\/p>\n","protected":false},"author":1,"featured_media":659,"comment_status":"open","ping_status":"open","sticky":false,"template":"","format":"standard","meta":[],"categories":[8],"tags":[161,342,165,163,166,162,283,9,6,240,164,167],"_links":{"self":[{"href":"http:\/\/bezerik.es\/me\/wp-json\/wp\/v2\/posts\/33"}],"collection":[{"href":"http:\/\/bezerik.es\/me\/wp-json\/wp\/v2\/posts"}],"about":[{"href":"http:\/\/bezerik.es\/me\/wp-json\/wp\/v2\/types\/post"}],"author":[{"embeddable":true,"href":"http:\/\/bezerik.es\/me\/wp-json\/wp\/v2\/users\/1"}],"replies":[{"embeddable":true,"href":"http:\/\/bezerik.es\/me\/wp-json\/wp\/v2\/comments?post=33"}],"version-history":[{"count":3,"href":"http:\/\/bezerik.es\/me\/wp-json\/wp\/v2\/posts\/33\/revisions"}],"predecessor-version":[{"id":92,"href":"http:\/\/bezerik.es\/me\/wp-json\/wp\/v2\/posts\/33\/revisions\/92"}],"wp:featuredmedia":[{"embeddable":true,"href":"http:\/\/bezerik.es\/me\/wp-json\/wp\/v2\/media\/659"}],"wp:attachment":[{"href":"http:\/\/bezerik.es\/me\/wp-json\/wp\/v2\/media?parent=33"}],"wp:term":[{"taxonomy":"category","embeddable":true,"href":"http:\/\/bezerik.es\/me\/wp-json\/wp\/v2\/categories?post=33"},{"taxonomy":"post_tag","embeddable":true,"href":"http:\/\/bezerik.es\/me\/wp-json\/wp\/v2\/tags?post=33"}],"curies":[{"name":"wp","href":"https:\/\/api.w.org\/{rel}","templated":true}]}}